{"id":45,"date":"2023-10-14T19:14:00","date_gmt":"2023-10-14T17:14:00","guid":{"rendered":"https:\/\/dieprozessin.de\/?p=45"},"modified":"2023-10-31T11:41:17","modified_gmt":"2023-10-31T10:41:17","slug":"der-koch-und-sein-memo-an-alle","status":"publish","type":"post","link":"https:\/\/dieprozessin.de\/?p=45","title":{"rendered":"Der Koch und sein Memo an alle"},"content":{"rendered":"\n<p>Ach, mein Freund der Koch. Man muss ihn gern haben.<\/p>\n\n\n\n<p>Ich habe doch \u00fcber unser Gespr\u00e4ch berichtet und Manuel (der Koch) hat mir ein paar Wochen sp\u00e4ter erz\u00e4hlt, dass er jetzt &#8222;mal durchgegriffen&#8220; hat. Aber irgendwie gab&#8217;s dann \u00c4rger im Restaurant und das wollte er mich wissen lassen.<\/p>\n\n\n\n<p>Was war da passiert?<br>Manuel hat sich Gedanken gemacht \u00fcber die Prozesse rund um seine K\u00fcche. Er hat mal aus der K\u00fcche rausgespickt und gesehen, dass das mit dem Kern\u00f6l auf der Tischdecke stimmt! Und dass die G\u00e4ste seine perfekt fertiggestellten vier Teller gar nicht gemeinsam bekommen haben, weil die Person im Gastraum erst den ungehaltenen Gast abkassieren musste, der fast seine Bahn verpasst h\u00e4tte.<br>Seine K\u00fcchenhilfe hatte er noch gut im Griff &#8211; das war ja auch nie ein Problem.<br>Und da hat er sich gedacht &#8211; &#8222;ich schreib das mal zusammen!&#8220;<\/p>\n\n\n\n<p>Manuel hat also ein sch\u00f6n gestaltetes Memo getippt mit Hilfe des B\u00fcrocomputers  &#8211; er kennt den Kollegen, der da immer die Reservierungen macht. <br>Dass das von nun an &#8222;wie folgt&#8220; l\u00e4uft. &#8222;Um unsere Kunden bestm\u00f6glich bedienen zu k\u00f6nnen, werden ab sofort kleine wei\u00dfe &#8222;\u00dcberdecken&#8220; auf die wei\u00dfen Tischdecken gelegt, diese k\u00f6nnen vom Teller-Abr\u00e4umer dann bitte pro Gast sofort ausgetauscht werden.&#8220; Er habe, so schrieb er, die Deckchen bereits bestellt, diese w\u00fcrden auf seinen Druck hin morgen schon, 10 Uhr angeliefert werden  &#8211; wer diese Lieferung denn annehmen k\u00f6nne, er sei um diese Zeit ja nicht da. Und das bitte zusammenh\u00e4ngende Bestellungen auch zusammenh\u00e4ngend serviert werden m\u00fcssen, das w\u00fcrde ja auf ihn, den Koch, zur\u00fcckfallen.<\/p>\n\n\n\n<p>Dieses sch\u00f6ne Memo pinnte er an das schwarze Brett neben der K\u00fcche, wo sich \u00fcbrigens auch die G\u00e4stetoiletten befinden. Denn er hat ja keinen Email-Account und auch nicht alle Servicekr\u00e4fte haben einen. <\/p>\n\n\n\n<p>Direkt nach Feierabend hat es dann &#8222;geknallt&#8220; &#8211; warum er sich denn jetzt in die Angelegenheiten der anderen einmischen w\u00fcrde, dass der eine Gast sich belustigt \u00fcber das &#8222;interne Memo&#8220; (&#8222;hihi, das ist ja s\u00fc\u00df, die 90er lassen gr\u00fc\u00dfen&#8220;) gezeigt hatte, und wer zum Geier soll die kleinen wei\u00dfen Tischsets b\u00fcgeln, die seien in der W\u00e4scherei so nicht mit angemeldet&#8230; und und und.<\/p>\n\n\n\n<p>Ich habe ihn gefragt &#8222;Ja, hast Du denn nicht mal mit der Restaurantleiterin \u00fcber Deine Gedankeng\u00e4nge gesprochen?&#8220; <br>Da gab er zur\u00fcck, dass die Chefin doch eh \u00fcberlastet sei und er sie nicht noch zus\u00e4tzlich mit diesen &#8211; doch auf der Hand liegenden &#8211; \u00c4nderungen belasten wolle. Wenig \u00fcberraschend hatte die Chefin das Memo noch \u00fcberhaupt nicht gesehen und wunderte sich \u00fcber die schlechte Stimmung der kommenden Tage.<br>Das Memo wurde schnell wieder abgenommen und die kleinen wei\u00dfen Deckchen wurden mit dem Vermerk &#8222;Annahme verweigert&#8220; zur\u00fcckgesendet.<\/p>\n\n\n\n<p>Eine weitere Woche sp\u00e4ter kam dann die studentische Aushilfe: &#8222;Hurra &#8211; ich konnte mit der W\u00e4scherei einen Tarif \u00fcber die kleinen Deckchen erwirken&#8220; &#8230;<br>Das Lachen konnte ich mir nicht verkneifen, obwohl Manuel echt zerknirscht war&#8230;<br>&#8222;Ich hab es doch nur gut gemeint&#8220;, sagte er zu mir mit Blick in seinen Wei\u00dfwein.<\/p>\n\n\n\n<p><em>Die <mark style=\"background-color:rgba(0, 0, 0, 0)\" class=\"has-inline-color has-luminous-vivid-amber-color\"><strong>Prozessin<\/strong><\/mark> sa\u00df derweil zerstrubbelt und unter Papier und Streit begraben und fragte sich &#8222;Warum sind pl\u00f6tzlich alle aus ihrer Struktur ausgebrochen? Es war doch alles so sch\u00f6n ruhig hier, was ist pl\u00f6tzlich los?&#8220; <\/em><\/p>\n","protected":false},"excerpt":{"rendered":"<p>Ach, mein Freund der Koch. Man muss ihn gern haben. Ich habe doch \u00fcber unser Gespr\u00e4ch berichtet und Manuel (der Koch) hat mir ein paar Wochen sp\u00e4ter erz\u00e4hlt, dass er jetzt &#8222;mal durchgegriffen&#8220; hat. Aber irgendwie gab&#8217;s dann \u00c4rger im Restaurant und das wollte er mich wissen lassen. Was war da passiert?Manuel hat sich Gedanken &hellip; <\/p>\n<p class=\"link-more\"><a href=\"https:\/\/dieprozessin.de\/?p=45\" class=\"more-link\"><span class=\"screen-reader-text\">\u201eDer Koch und sein Memo an alle\u201c<\/span> weiterlesen<\/a><\/p>\n","protected":false},"author":2,"featured_media":0,"comment_status":"closed","ping_status":"open","sticky":false,"template":"","format":"standard","meta":{"footnotes":""},"categories":[1],"tags":[20,21,17,18,19],"_links":{"self":[{"href":"https:\/\/dieprozessin.de\/index.php?rest_route=\/wp\/v2\/posts\/45"}],"collection":[{"href":"https:\/\/dieprozessin.de\/index.php?rest_route=\/wp\/v2\/posts"}],"about":[{"href":"https:\/\/dieprozessin.de\/index.php?rest_route=\/wp\/v2\/types\/post"}],"author":[{"embeddable":true,"href":"https:\/\/dieprozessin.de\/index.php?rest_route=\/wp\/v2\/users\/2"}],"replies":[{"embeddable":true,"href":"https:\/\/dieprozessin.de\/index.php?rest_route=%2Fwp%2Fv2%2Fcomments&post=45"}],"version-history":[{"count":1,"href":"https:\/\/dieprozessin.de\/index.php?rest_route=\/wp\/v2\/posts\/45\/revisions"}],"predecessor-version":[{"id":46,"href":"https:\/\/dieprozessin.de\/index.php?rest_route=\/wp\/v2\/posts\/45\/revisions\/46"}],"wp:attachment":[{"href":"https:\/\/dieprozessin.de\/index.php?rest_route=%2Fwp%2Fv2%2Fmedia&parent=45"}],"wp:term":[{"taxonomy":"category","embeddable":true,"href":"https:\/\/dieprozessin.de\/index.php?rest_route=%2Fwp%2Fv2%2Fcategories&post=45"},{"taxonomy":"post_tag","embeddable":true,"href":"https:\/\/dieprozessin.de\/index.php?rest_route=%2Fwp%2Fv2%2Ftags&post=45"}],"curies":[{"name":"wp","href":"https:\/\/api.w.org\/{rel}","templated":true}]}}