{"id":25,"date":"2018-06-18T09:17:32","date_gmt":"2018-06-18T07:17:32","guid":{"rendered":"http:\/\/www.dieprozessin.de\/wordpress\/?p=25"},"modified":"2018-06-18T09:17:32","modified_gmt":"2018-06-18T07:17:32","slug":"aktualisierungen-von-prozessen","status":"publish","type":"post","link":"https:\/\/dieprozessin.de\/?p=25","title":{"rendered":"Aktualisierungen von Prozessen"},"content":{"rendered":"<p>Ja, es ist wie im richtigen Leben.<br \/>\nEinmal angefangen, mit gro\u00dfem Paukenschlag angek\u00fcndigt, ein Kick-off Meeting organisiert und alle informiert.<br \/>\nUnd dann kam lange &#8211; &#8211;\u00a0 &#8211; NICHTS.<br \/>\nSo ist es manchmal mit Prozessprojekten, und so ist es manchmal mit Blogs.<\/p>\n<p>F\u00fcr alle, die mit mir frohen Mutes in dieses Blog-Projekt gestartet sind, hier eine gro\u00dfe Entschuldigung: Direkt nach der &#8222;Er\u00f6ffnung&#8220; habe ich ein Prozessprojekt gestartet, das meine ganze Aufmerksamkeit gefordert hat.<\/p>\n<p>Nun geht es also weiter &#8230; \ud83d\ude42<\/p>\n","protected":false},"excerpt":{"rendered":"<p>Ja, es ist wie im richtigen Leben. Einmal angefangen, mit gro\u00dfem Paukenschlag angek\u00fcndigt, ein Kick-off Meeting organisiert und alle informiert. Und dann kam lange &#8211; &#8211;\u00a0 &#8211; NICHTS. So ist es manchmal mit Prozessprojekten, und so ist es manchmal mit Blogs. F\u00fcr alle, die mit mir frohen Mutes in dieses Blog-Projekt gestartet sind, hier eine &hellip; <\/p>\n<p class=\"link-more\"><a href=\"https:\/\/dieprozessin.de\/?p=25\" class=\"more-link\"><span class=\"screen-reader-text\">\u201eAktualisierungen von Prozessen\u201c<\/span> weiterlesen<\/a><\/p>\n","protected":false},"author":2,"featured_media":0,"comment_status":"open","ping_status":"closed","sticky":false,"template":"","format":"standard","meta":{"footnotes":""},"categories":[1],"tags":[],"_links":{"self":[{"href":"https:\/\/dieprozessin.de\/index.php?rest_route=\/wp\/v2\/posts\/25"}],"collection":[{"href":"https:\/\/dieprozessin.de\/index.php?rest_route=\/wp\/v2\/posts"}],"about":[{"href":"https:\/\/dieprozessin.de\/index.php?rest_route=\/wp\/v2\/types\/post"}],"author":[{"embeddable":true,"href":"https:\/\/dieprozessin.de\/index.php?rest_route=\/wp\/v2\/users\/2"}],"replies":[{"embeddable":true,"href":"https:\/\/dieprozessin.de\/index.php?rest_route=%2Fwp%2Fv2%2Fcomments&post=25"}],"version-history":[{"count":0,"href":"https:\/\/dieprozessin.de\/index.php?rest_route=\/wp\/v2\/posts\/25\/revisions"}],"wp:attachment":[{"href":"https:\/\/dieprozessin.de\/index.php?rest_route=%2Fwp%2Fv2%2Fmedia&parent=25"}],"wp:term":[{"taxonomy":"category","embeddable":true,"href":"https:\/\/dieprozessin.de\/index.php?rest_route=%2Fwp%2Fv2%2Fcategories&post=25"},{"taxonomy":"post_tag","embeddable":true,"href":"https:\/\/dieprozessin.de\/index.php?rest_route=%2Fwp%2Fv2%2Ftags&post=25"}],"curies":[{"name":"wp","href":"https:\/\/api.w.org\/{rel}","templated":true}]}}