{"id":18,"date":"2017-03-13T08:20:05","date_gmt":"2017-03-13T08:20:05","guid":{"rendered":"http:\/\/www.dieprozessin.de\/wordpress\/?p=18"},"modified":"2017-03-13T08:20:05","modified_gmt":"2017-03-13T08:20:05","slug":"modeerscheinungen","status":"publish","type":"post","link":"https:\/\/dieprozessin.de\/?p=18","title":{"rendered":"Modeerscheinungen"},"content":{"rendered":"<p>Was mir immer wieder begegnet, sind verschiedene Moden, in denen &#8222;die Prozessin&#8220; in Organisationen erscheint.<br \/>\nIm Eingangsbeitrag wurde ja schon erw\u00e4hnt, dass &#8222;sie&#8220; auch im Blaumann auftreten k\u00f6nnte. Aber noch einmal zur Erkl\u00e4rung: &#8222;die Prozessin&#8220; ist ja keine Person. &#8222;die Prozessin&#8220; ist f\u00fcr mich ein anderes Wort f\u00fcr &#8222;Prozesse im Unternehmen und wie sie wirken und leben&#8220;.<br \/>\nDerzeit stellt man vor allem bei Stellenbeschreibungen zum Thema Prozessmanagement fest, dass bestimmte Dinge im Fokus liegen. Und ich bin so frech, und nenne das &#8222;Mode&#8220;.<br \/>\nDie neueste &#8222;Mode&#8220; ist f\u00fcr mich &#8222;Process Automatisation&#8220; &#8211; der allerneueste &#8222;Schrei&#8220; &#8211; nie dagewesen.<br \/>\nWirklich nie?<\/p>\n<p>Irgendwann vor vielen Jahren hat einmal jemand genau aufgeschrieben, was ein Buchhalter so tut. (einen Prozess) Ganz genau und detailiert wurde das getan. Dann hat es jemand anders in eine Programmiersprache \u00fcbersetzt &#8211; oder sogar eine daf\u00fcr erfunden &#8211; und eine Software daf\u00fcr auf den Markt gebracht. Der Rechner daf\u00fcr war riesig und in eigenen R\u00e4umen aufgestellt. (Ich meine, die Kapazit\u00e4t dieses Rechners hat heute jeder Marketing-USB-anh\u00e4nger l\u00e4ngst \u00fcberschritten)<\/p>\n<p>Aber &#8211; hey. Das war bestimmt was anderes. \ud83d\ude42<br \/>\nDarum nenne ich das &#8222;Mode&#8220;<\/p>\n","protected":false},"excerpt":{"rendered":"<p>Was mir immer wieder begegnet, sind verschiedene Moden, in denen &#8222;die Prozessin&#8220; in Organisationen erscheint. Im Eingangsbeitrag wurde ja schon erw\u00e4hnt, dass &#8222;sie&#8220; auch im Blaumann auftreten k\u00f6nnte. Aber noch einmal zur Erkl\u00e4rung: &#8222;die Prozessin&#8220; ist ja keine Person. &#8222;die Prozessin&#8220; ist f\u00fcr mich ein anderes Wort f\u00fcr &#8222;Prozesse im Unternehmen und wie sie wirken &hellip; <\/p>\n<p class=\"link-more\"><a href=\"https:\/\/dieprozessin.de\/?p=18\" class=\"more-link\"><span class=\"screen-reader-text\">\u201eModeerscheinungen\u201c<\/span> weiterlesen<\/a><\/p>\n","protected":false},"author":2,"featured_media":0,"comment_status":"open","ping_status":"closed","sticky":false,"template":"","format":"standard","meta":{"footnotes":""},"categories":[1],"tags":[4,9,11],"_links":{"self":[{"href":"https:\/\/dieprozessin.de\/index.php?rest_route=\/wp\/v2\/posts\/18"}],"collection":[{"href":"https:\/\/dieprozessin.de\/index.php?rest_route=\/wp\/v2\/posts"}],"about":[{"href":"https:\/\/dieprozessin.de\/index.php?rest_route=\/wp\/v2\/types\/post"}],"author":[{"embeddable":true,"href":"https:\/\/dieprozessin.de\/index.php?rest_route=\/wp\/v2\/users\/2"}],"replies":[{"embeddable":true,"href":"https:\/\/dieprozessin.de\/index.php?rest_route=%2Fwp%2Fv2%2Fcomments&post=18"}],"version-history":[{"count":0,"href":"https:\/\/dieprozessin.de\/index.php?rest_route=\/wp\/v2\/posts\/18\/revisions"}],"wp:attachment":[{"href":"https:\/\/dieprozessin.de\/index.php?rest_route=%2Fwp%2Fv2%2Fmedia&parent=18"}],"wp:term":[{"taxonomy":"category","embeddable":true,"href":"https:\/\/dieprozessin.de\/index.php?rest_route=%2Fwp%2Fv2%2Fcategories&post=18"},{"taxonomy":"post_tag","embeddable":true,"href":"https:\/\/dieprozessin.de\/index.php?rest_route=%2Fwp%2Fv2%2Ftags&post=18"}],"curies":[{"name":"wp","href":"https:\/\/api.w.org\/{rel}","templated":true}]}}