{"id":13,"date":"2016-10-30T09:41:35","date_gmt":"2016-10-30T09:41:35","guid":{"rendered":"http:\/\/www.dieprozessin.de\/wordpress\/?p=13"},"modified":"2016-10-30T09:41:35","modified_gmt":"2016-10-30T09:41:35","slug":"und-wer-oder-was-ist-das-ueberhaupt","status":"publish","type":"post","link":"https:\/\/dieprozessin.de\/?p=13","title":{"rendered":"&#8230;und wer oder was ist das \u00fcberhaupt&#8230;?"},"content":{"rendered":"<p>Die Prozessin ist keine Person. Sie ist ein Ph\u00e4nomen, ein Wesen, das sich in jeder Organisation befindet und von dort aus wirkt. Manchmal wei\u00df eine Organisation sehr genau, wo ihre Prozessin ist &#8211; wie sie aussieht und wo sie sich zeigt:<\/p>\n<p>Vielleicht tr\u00e4gt sie einen Blaumann und erkl\u00e4rt Menschen, die Dinge zusammenschrauben, wie sie das am Besten und effektivsten erledigen k\u00f6nnen &#8211; und in welcher Reihenfolge.<\/p>\n<p>Vielleicht tr\u00e4gt sie einen Anzug und sitzt in einem supermodernen B\u00fcro und betrachtet von dort aus kopfsch\u00fcttelnd, wie ungeplant und durcheinander die Organisation zu laufen scheint.<\/p>\n<p>Vielleicht aber ist sie noch gar nicht in Erscheinung getreten, alle ahnen, dass sie sich jedem irgendwie anders zeigt.<\/p>\n<p>Im Besten Fall ist sie ein aufmerksames, hilfreiches Wesen. Sie hilft einer Organisation, Dinge sichtbar zu machen, die so manches Chaos oder gar Stillstand verursachen. Sie hilft, zu stukturieren, zu ordnen und zu reparieren.<\/p>\n<p>Wie sieht Ihre Prozessin aus? Kennen Sie sie?<\/p>\n","protected":false},"excerpt":{"rendered":"<p>Die Prozessin ist keine Person. Sie ist ein Ph\u00e4nomen, ein Wesen, das sich in jeder Organisation befindet und von dort aus wirkt. Manchmal wei\u00df eine Organisation sehr genau, wo ihre Prozessin ist &#8211; wie sie aussieht und wo sie sich zeigt: Vielleicht tr\u00e4gt sie einen Blaumann und erkl\u00e4rt Menschen, die Dinge zusammenschrauben, wie sie das &hellip; <\/p>\n<p class=\"link-more\"><a href=\"https:\/\/dieprozessin.de\/?p=13\" class=\"more-link\"><span class=\"screen-reader-text\">\u201e&#8230;und wer oder was ist das \u00fcberhaupt&#8230;?\u201c<\/span> weiterlesen<\/a><\/p>\n","protected":false},"author":2,"featured_media":0,"comment_status":"open","ping_status":"closed","sticky":false,"template":"","format":"standard","meta":{"footnotes":""},"categories":[1],"tags":[2,5,7,10],"_links":{"self":[{"href":"https:\/\/dieprozessin.de\/index.php?rest_route=\/wp\/v2\/posts\/13"}],"collection":[{"href":"https:\/\/dieprozessin.de\/index.php?rest_route=\/wp\/v2\/posts"}],"about":[{"href":"https:\/\/dieprozessin.de\/index.php?rest_route=\/wp\/v2\/types\/post"}],"author":[{"embeddable":true,"href":"https:\/\/dieprozessin.de\/index.php?rest_route=\/wp\/v2\/users\/2"}],"replies":[{"embeddable":true,"href":"https:\/\/dieprozessin.de\/index.php?rest_route=%2Fwp%2Fv2%2Fcomments&post=13"}],"version-history":[{"count":0,"href":"https:\/\/dieprozessin.de\/index.php?rest_route=\/wp\/v2\/posts\/13\/revisions"}],"wp:attachment":[{"href":"https:\/\/dieprozessin.de\/index.php?rest_route=%2Fwp%2Fv2%2Fmedia&parent=13"}],"wp:term":[{"taxonomy":"category","embeddable":true,"href":"https:\/\/dieprozessin.de\/index.php?rest_route=%2Fwp%2Fv2%2Fcategories&post=13"},{"taxonomy":"post_tag","embeddable":true,"href":"https:\/\/dieprozessin.de\/index.php?rest_route=%2Fwp%2Fv2%2Ftags&post=13"}],"curies":[{"name":"wp","href":"https:\/\/api.w.org\/{rel}","templated":true}]}}